{"id":1100,"date":"2025-03-15T11:27:11","date_gmt":"2025-03-15T11:27:11","guid":{"rendered":"https:\/\/weekofsoundportugal.com\/?p=1100"},"modified":"2025-05-10T08:24:18","modified_gmt":"2025-05-10T07:24:18","slug":"annoucement-1","status":"publish","type":"post","link":"https:\/\/weekofsoundportugal.com\/pt\/annoucement-1\/","title":{"rendered":"Notifica\u00e7\u00e3o #1"},"content":{"rendered":"<p>Exmo. Sr(a).\/Dr(a).,<\/p>\n\n\n\n<p>We are pleased to invite you to participate in the activities of the Week of Sound \u2013 Portugal 2025 (February 15\u201321, 2026), specifically in the International Conference, which will take place on February 20th, 2025, at the Bel\u00e9m Cultural Center (CCB) in Lisbon.<\/p>\n\n\n\n<p>A Semana do Som \u00e9 organizada em colabora\u00e7\u00e3o com a UNESCO e a iniciativa global La Semaine du Son, estando em Portugal a ser dinamizada pela Associa\u00e7\u00e3o OUVIR e visa aprofundar temas da Sa\u00fade Auditiva e a Inclus\u00e3o das Pessoas com Defici\u00eancia Auditiva.<\/p>\n\n\n\n<p>A Confer\u00eancia internacional ocupar\u00e1 todo o dia 26 de setembro e incluir\u00e1 palestras, pain\u00e9is de discuss\u00e3o e workshops interativos, proporcionando um espa\u00e7o de partilha, de conhecimento e troca de experi\u00eancias juntando especialistas, profissionais de sa\u00fade, investigadores, educadores e decisores pol\u00edticos para debater desafios e solu\u00e7\u00f5es na promo\u00e7\u00e3o da acessibilidade e do bem-estar auditivo.<\/p>\n\n\n\n<p>Poder\u00e1 inscrever-se no nosso site, https:\/\/weekofsoundportugal.com\/pt\/, onde tamb\u00e9m encontrar\u00e1 v\u00e1rias informa\u00e7\u00f5es \u00fateis e em breve estar\u00e1 dispon\u00edvel o programa detalhado.<\/p>\n\n\n\n<p>Estamos certos de que a sua presen\u00e7a far\u00e1 a diferen\u00e7a para o sucesso deste evento pelo que esperamos poder contar consigo!<br>Poder\u00e1 tamb\u00e9m contactar-nos atrav\u00e9s do email: <a href=\"mailto:weekofsoundportugal@gmail.com\">weekofsoundportugal@gmail.com<\/a>.<\/p>\n\n\n\n<p>Melhores cumprimentos,<\/p>\n\n\n\n<p>Ant\u00f3nio Ricardo A. Miranda<\/p>\n\n\n\n<p>Embaixador do Evento<br>Presidente da Associa\u00e7\u00e3o OUVIR<br>WhatsApp (apenas mensagem): <a href=\"tel:00351969917317\" data-type=\"tel\" data-id=\"tel:00351969917317\">00351 969917317<\/a><br>Site: <a href=\"https:\/\/ouvir.pt\/\" target=\"_blank\" rel=\"noopener\">https:\/\/ouvir.pt\/<\/a><\/p>\n\n\n\n<p><\/p>","protected":false},"excerpt":{"rendered":"<p>Dear Mr(s).\/Dr., We are pleased to invite you to participate in the activities of the Week of Sound \u2013 Portugal 2025 (February 15\u201321, 2026), specifically in the International Conference, which will take place on February 20th, 2025, at the Bel\u00e9m Cultural Center (CCB) in Lisbon. The Week of Sound is organized in collaboration with UNESCO [&hellip;]<\/p>","protected":false},"author":1,"featured_media":1102,"comment_status":"open","ping_status":"open","sticky":false,"template":"","format":"standard","meta":{"footnotes":""},"categories":[9],"tags":[],"class_list":["post-1100","post","type-post","status-publish","format-standard","has-post-thumbnail","hentry","category-announcement"],"_links":{"self":[{"href":"https:\/\/weekofsoundportugal.com\/pt\/wp-json\/wp\/v2\/posts\/1100","targetHints":{"allow":["GET"]}}],"collection":[{"href":"https:\/\/weekofsoundportugal.com\/pt\/wp-json\/wp\/v2\/posts"}],"about":[{"href":"https:\/\/weekofsoundportugal.com\/pt\/wp-json\/wp\/v2\/types\/post"}],"author":[{"embeddable":true,"href":"https:\/\/weekofsoundportugal.com\/pt\/wp-json\/wp\/v2\/users\/1"}],"replies":[{"embeddable":true,"href":"https:\/\/weekofsoundportugal.com\/pt\/wp-json\/wp\/v2\/comments?post=1100"}],"version-history":[{"count":3,"href":"https:\/\/weekofsoundportugal.com\/pt\/wp-json\/wp\/v2\/posts\/1100\/revisions"}],"predecessor-version":[{"id":1142,"href":"https:\/\/weekofsoundportugal.com\/pt\/wp-json\/wp\/v2\/posts\/1100\/revisions\/1142"}],"wp:featuredmedia":[{"embeddable":true,"href":"https:\/\/weekofsoundportugal.com\/pt\/wp-json\/wp\/v2\/media\/1102"}],"wp:attachment":[{"href":"https:\/\/weekofsoundportugal.com\/pt\/wp-json\/wp\/v2\/media?parent=1100"}],"wp:term":[{"taxonomy":"category","embeddable":true,"href":"https:\/\/weekofsoundportugal.com\/pt\/wp-json\/wp\/v2\/categories?post=1100"},{"taxonomy":"post_tag","embeddable":true,"href":"https:\/\/weekofsoundportugal.com\/pt\/wp-json\/wp\/v2\/tags?post=1100"}],"curies":[{"name":"wp","href":"https:\/\/api.w.org\/{rel}","templated":true}]}}