{"id":1137,"date":"2025-05-10T07:58:37","date_gmt":"2025-05-10T06:58:37","guid":{"rendered":"https:\/\/weekofsoundportugal.com\/?p=1137"},"modified":"2025-06-09T11:22:45","modified_gmt":"2025-06-09T10:22:45","slug":"announcement-2","status":"publish","type":"post","link":"https:\/\/weekofsoundportugal.com\/pt\/announcement-2\/","title":{"rendered":"Notifica\u00e7\u00e3o #2 [Adiado]"},"content":{"rendered":"<p>Exmo. Sr(a).\/Dr(a).,<\/p>\n\n\n\n<p>2.\u00ba AN\u00daNCIO<\/p>\n\n\n\n<p>Temos o prazer de convid\u00e1-lo(a) a participar nas atividades da Semana do Som \u2013 Portugal 2025, que decorrer\u00e1 de 16 a 21 de fevereiro de 2026, destacando-se a Confer\u00eancia Internacional e o Espet\u00e1culo de M\u00fasica.<\/p>\n\n\n\n<p>A Confer\u00eancia Internacional ter\u00e1 lugar no dia 20 de fevereiro de 2026, durante a tarde, no Centro Cultural de Bel\u00e9m (CCB), em Lisboa. J\u00e1 o Espet\u00e1culo de M\u00fasica, que encerrar\u00e1 a Semana, acontecer\u00e1 na tarde de 21 de fevereiro, no Teatro Capit\u00f3lio, tamb\u00e9m em Lisboa.<\/p>\n\n\n\n<p>A Semana do Som \u00e9 organizada em colabora\u00e7\u00e3o com a UNESCO e a iniciativa global La Semaine du Son. Em Portugal, \u00e9 promovida pela Associa\u00e7\u00e3o OUVIR e tem como miss\u00e3o sensibilizar para a Sa\u00fade Auditiva e a Inclus\u00e3o das Pessoas com Defici\u00eancia Auditiva.<\/p>\n\n\n\n<p>A Confer\u00eancia Internacional contar\u00e1 com palestras, pain\u00e9is de discuss\u00e3o e workshops interativos, criando um espa\u00e7o de encontro e partilha de conhecimento entre especialistas, profissionais de sa\u00fade, investigadores, educadores e decisores pol\u00edticos, para refletir sobre os desafios e solu\u00e7\u00f5es em torno da acessibilidade e do bem-estar auditivo.<\/p>\n\n\n\n<p>Al\u00e9m da programa\u00e7\u00e3o em Lisboa, est\u00e3o previstas iniciativas locais nos dias:<\/p>\n\n\n\n<p>February 16th in Braga,<\/p>\n\n\n\n<p>February 18th in Porto,<\/p>\n\n\n\n<p>February 19th in Coimbra.<\/p>\n\n\n\n<p>As inscri\u00e7\u00f5es est\u00e3o abertas no site: https:\/\/weekofsoundportugal.com\/ , onde em breve ser\u00e1 disponibilizado o programa detalhado.<\/p>\n\n\n\n<p>Estamos certos de que a sua presen\u00e7a ser\u00e1 determinante para o sucesso desta celebra\u00e7\u00e3o. Esperamos contar consigo!<\/p>\n\n\n\n<p>Para mais informa\u00e7\u00f5es ou esclarecimentos, contacte-nos atrav\u00e9s do email: weekofsoundportugal@gmail.com.<\/p>\n\n\n\n<p>Melhores cumprimentos,<\/p>\n\n\n\n<p>Ant\u00f3nio Ricardo A. Miranda<br>Embaixador do Evento<br>Presidente da Associa\u00e7\u00e3o OUVIR<br>WhatsApp (apenas mensagem): +351 969 917 317<br>Website: https:\/\/ouvir.pt\/<\/p>","protected":false},"excerpt":{"rendered":"<p>Temos o prazer de convid\u00e1-lo(a) a participar nas atividades da Semana do Som \u2013 Portugal 2025, que decorrer\u00e1 de 15 a 21 de fevereiro de 2026, destacando-se a Confer\u00eancia Internacional e o Espet\u00e1culo de M\u00fasica.<br \/>\nA Confer\u00eancia Internacional ter\u00e1 lugar no dia 20 de fevereiro de 2026, durante a tarde, no Centro Cultural de Bel\u00e9m (CCB), em Lisboa. J\u00e1 o Espet\u00e1culo de M\u00fasica, que encerrar\u00e1 a Semana, acontecer\u00e1 na tarde de 21 de fevereiro, no Teatro Capit\u00f3lio, tamb\u00e9m em Lisboa.<\/p>","protected":false},"author":1,"featured_media":1102,"comment_status":"open","ping_status":"open","sticky":false,"template":"","format":"standard","meta":{"footnotes":""},"categories":[9],"tags":[],"class_list":["post-1137","post","type-post","status-publish","format-standard","has-post-thumbnail","hentry","category-announcement"],"_links":{"self":[{"href":"https:\/\/weekofsoundportugal.com\/pt\/wp-json\/wp\/v2\/posts\/1137","targetHints":{"allow":["GET"]}}],"collection":[{"href":"https:\/\/weekofsoundportugal.com\/pt\/wp-json\/wp\/v2\/posts"}],"about":[{"href":"https:\/\/weekofsoundportugal.com\/pt\/wp-json\/wp\/v2\/types\/post"}],"author":[{"embeddable":true,"href":"https:\/\/weekofsoundportugal.com\/pt\/wp-json\/wp\/v2\/users\/1"}],"replies":[{"embeddable":true,"href":"https:\/\/weekofsoundportugal.com\/pt\/wp-json\/wp\/v2\/comments?post=1137"}],"version-history":[{"count":5,"href":"https:\/\/weekofsoundportugal.com\/pt\/wp-json\/wp\/v2\/posts\/1137\/revisions"}],"predecessor-version":[{"id":1155,"href":"https:\/\/weekofsoundportugal.com\/pt\/wp-json\/wp\/v2\/posts\/1137\/revisions\/1155"}],"wp:featuredmedia":[{"embeddable":true,"href":"https:\/\/weekofsoundportugal.com\/pt\/wp-json\/wp\/v2\/media\/1102"}],"wp:attachment":[{"href":"https:\/\/weekofsoundportugal.com\/pt\/wp-json\/wp\/v2\/media?parent=1137"}],"wp:term":[{"taxonomy":"category","embeddable":true,"href":"https:\/\/weekofsoundportugal.com\/pt\/wp-json\/wp\/v2\/categories?post=1137"},{"taxonomy":"post_tag","embeddable":true,"href":"https:\/\/weekofsoundportugal.com\/pt\/wp-json\/wp\/v2\/tags?post=1137"}],"curies":[{"name":"wp","href":"https:\/\/api.w.org\/{rel}","templated":true}]}}